{"id":144,"date":"2020-02-27T13:16:00","date_gmt":"2020-02-27T12:16:00","guid":{"rendered":"http:\/\/frederiquebailly.fr\/?p=144"},"modified":"2025-07-20T23:39:49","modified_gmt":"2025-07-20T21:39:49","slug":"serres-les-sapins","status":"publish","type":"post","link":"https:\/\/frederiquebailly.fr\/index.php\/2020\/02\/27\/serres-les-sapins\/","title":{"rendered":"Serres-les-Sapins"},"content":{"rendered":"\n<p><strong>Local associatif, maison du \u00ab\u00a0Mieux-vivre\u00a0\u00bb &#8211; R\u00e9habilitation<\/strong> <strong>lourde<\/strong><\/p>\n\n\n\n<ul class=\"wp-block-list\">\n<li>Localisation : Serres-les-Sapins (25)<\/li>\n\n\n\n<li><em>Ma\u00eetrise d&rsquo;ouvrage : Commune d<\/em>e Serres-les-Sapins<\/li>\n\n\n\n<li><em>R\u00e9alisation 20<\/em>19<\/li>\n\n\n\n<li><em>Montant des travaux : 266 000 \u20ac H.T<\/em><\/li>\n\n\n\n<li><em>Mission compl\u00e8te + OPC<\/em><\/li>\n<\/ul>\n\n\n\n<p>____________________<\/p>\n\n\n\n<p><strong>PROGRAMME<\/strong><br><\/p>\n\n\n\n<p>Le point de d\u00e9part du projet est un b\u00e2timent en pr\u00e9-fabriqu\u00e9 des ann\u00e9es 50, inoccup\u00e9, amiant\u00e9.<br>Les associations p\u00e9riscolaires et les centres-a\u00e9r\u00e9s des 3 communes alentours se sont r\u00e9unis dans une volont\u00e9 partag\u00e9e de restructuration de l\u2019ensemble de ce local afin d\u2019en faire un espace adapt\u00e9 \u00e0 l\u2019accueil des enfants, \u00e9quip\u00e9 d\u2019une grande salle d\u2019activit\u00e9s, d\u2019un espace de cuisine \u00e9ducative, d\u2019un espace convivialit\u00e9 et d\u2019un jardin \u00e9ducatif. Aujourd\u2019hui, en plus des activit\u00e9s p\u00e9ri \/extrascolaires initiales, ce local offre un lieu de rencontre interg\u00e9n\u00e9rationnel autour de la transmission des savoirs et traditions li\u00e9s \u00e0 l\u2019alimentation et un espace polyvalent pour d\u2019autres associations (yoga, cuisine, tricot, cartes, cin\u00e9ma,\u2026).<\/p>\n\n\n\n<p><strong>ARCHITECTURE<\/strong><br><\/p>\n\n\n\n<p>Une attention particuli\u00e8re \u00e0 l\u2019\u00e9criture architecturale du b\u00e2timent est apport\u00e9e, du fait de sa position g\u00e9ographique en entr\u00e9e de commune. Une fois totalement d\u00e9samiant\u00e9es, la structure m\u00e9tallique du XX\u00e9me si\u00e8cle et la dalle existante offrent la base d\u2019implantation de l\u2019ossature en bois local. Les isolants sont en mat\u00e9riaux bio-sourc\u00e9s, une double flux est install\u00e9e sur l\u2019ensemble du b\u00e2timent et les percements avec BSO sont recr\u00e9\u00e9s. Les mat\u00e9riaux de second oeuvre ne d\u00e9gagent pas de polluants chimiques pour le bien-\u00eatre des enfants. Le b\u00e2timent est subventionn\u00e9 \u00e0 70% Effilogis. Ce programme permet d\u2019atteindre le niveau BBC et de mettre en \u0153uvre des mat\u00e9riaux sains et biosourc\u00e9s tout en conservant la structure du b\u00e2timent afin de r\u00e9duire le co\u00fbt environnemental et financier.<\/p>\n\n\n\n<p>avec :<\/p>\n\n\n\n<ul class=\"wp-block-list\">\n<li><em>Laurence Billionnet architecte<\/em><\/li>\n\n\n\n<li><em>BETICS<\/em><\/li>\n\n\n\n<li><em>JP Ing\u00e9nierie<\/em><\/li>\n\n\n\n<li>Bruder&amp;co<\/li>\n<\/ul>\n\n\n\n<p>____________________<\/p>\n\n\n\n<figure class=\"wp-block-image size-large\"><img decoding=\"async\" width=\"1024\" height=\"712\" data-src=\"http:\/\/frederiquebailly.fr\/wp-content\/uploads\/2024\/04\/carte_web_serreslessapins-1024x712.jpg\" alt=\"\" class=\"wp-image-292 lazyload\" data-srcset=\"https:\/\/frederiquebailly.fr\/wp-content\/uploads\/2024\/04\/carte_web_serreslessapins-1024x712.jpg 1024w, https:\/\/frederiquebailly.fr\/wp-content\/uploads\/2024\/04\/carte_web_serreslessapins-300x209.jpg 300w, https:\/\/frederiquebailly.fr\/wp-content\/uploads\/2024\/04\/carte_web_serreslessapins-768x534.jpg 768w, https:\/\/frederiquebailly.fr\/wp-content\/uploads\/2024\/04\/carte_web_serreslessapins.jpg 1500w\" data-sizes=\"(max-width: 1024px) 100vw, 1024px\" src=\"data:image\/svg+xml;base64,PHN2ZyB3aWR0aD0iMSIgaGVpZ2h0PSIxIiB4bWxucz0iaHR0cDovL3d3dy53My5vcmcvMjAwMC9zdmciPjwvc3ZnPg==\" style=\"--smush-placeholder-width: 1024px; --smush-placeholder-aspect-ratio: 1024\/712;\" \/><\/figure>\n\n\n\n<figure class=\"wp-block-image size-large\"><img decoding=\"async\" width=\"1024\" height=\"683\" data-src=\"http:\/\/frederiquebailly.fr\/wp-content\/uploads\/2023\/02\/18012020-IMG_4823-1024x683.jpg\" alt=\"\" class=\"wp-image-147 lazyload\" data-srcset=\"https:\/\/frederiquebailly.fr\/wp-content\/uploads\/2023\/02\/18012020-IMG_4823-1024x683.jpg 1024w, https:\/\/frederiquebailly.fr\/wp-content\/uploads\/2023\/02\/18012020-IMG_4823-300x200.jpg 300w, https:\/\/frederiquebailly.fr\/wp-content\/uploads\/2023\/02\/18012020-IMG_4823-768x512.jpg 768w, https:\/\/frederiquebailly.fr\/wp-content\/uploads\/2023\/02\/18012020-IMG_4823.jpg 1500w\" data-sizes=\"(max-width: 1024px) 100vw, 1024px\" src=\"data:image\/svg+xml;base64,PHN2ZyB3aWR0aD0iMSIgaGVpZ2h0PSIxIiB4bWxucz0iaHR0cDovL3d3dy53My5vcmcvMjAwMC9zdmciPjwvc3ZnPg==\" style=\"--smush-placeholder-width: 1024px; --smush-placeholder-aspect-ratio: 1024\/683;\" \/><\/figure>\n\n\n\n<figure class=\"wp-block-image size-large\"><img decoding=\"async\" width=\"1024\" height=\"683\" data-src=\"http:\/\/frederiquebailly.fr\/wp-content\/uploads\/2023\/02\/18012020-IMG_4797-1024x683.jpg\" alt=\"\" class=\"wp-image-148 lazyload\" data-srcset=\"https:\/\/frederiquebailly.fr\/wp-content\/uploads\/2023\/02\/18012020-IMG_4797-1024x683.jpg 1024w, https:\/\/frederiquebailly.fr\/wp-content\/uploads\/2023\/02\/18012020-IMG_4797-300x200.jpg 300w, https:\/\/frederiquebailly.fr\/wp-content\/uploads\/2023\/02\/18012020-IMG_4797-768x512.jpg 768w, https:\/\/frederiquebailly.fr\/wp-content\/uploads\/2023\/02\/18012020-IMG_4797.jpg 1500w\" data-sizes=\"(max-width: 1024px) 100vw, 1024px\" src=\"data:image\/svg+xml;base64,PHN2ZyB3aWR0aD0iMSIgaGVpZ2h0PSIxIiB4bWxucz0iaHR0cDovL3d3dy53My5vcmcvMjAwMC9zdmciPjwvc3ZnPg==\" style=\"--smush-placeholder-width: 1024px; --smush-placeholder-aspect-ratio: 1024\/683;\" \/><\/figure>\n\n\n\n<figure class=\"wp-block-image size-large\"><img decoding=\"async\" width=\"683\" height=\"1024\" data-src=\"http:\/\/frederiquebailly.fr\/wp-content\/uploads\/2023\/02\/18012020-IMG_4821-683x1024.jpg\" alt=\"\" class=\"wp-image-149 lazyload\" data-srcset=\"https:\/\/frederiquebailly.fr\/wp-content\/uploads\/2023\/02\/18012020-IMG_4821-683x1024.jpg 683w, https:\/\/frederiquebailly.fr\/wp-content\/uploads\/2023\/02\/18012020-IMG_4821-200x300.jpg 200w, https:\/\/frederiquebailly.fr\/wp-content\/uploads\/2023\/02\/18012020-IMG_4821-768x1152.jpg 768w, https:\/\/frederiquebailly.fr\/wp-content\/uploads\/2023\/02\/18012020-IMG_4821.jpg 1000w\" data-sizes=\"(max-width: 683px) 100vw, 683px\" src=\"data:image\/svg+xml;base64,PHN2ZyB3aWR0aD0iMSIgaGVpZ2h0PSIxIiB4bWxucz0iaHR0cDovL3d3dy53My5vcmcvMjAwMC9zdmciPjwvc3ZnPg==\" style=\"--smush-placeholder-width: 683px; --smush-placeholder-aspect-ratio: 683\/1024;\" \/><\/figure>\n\n\n\n<figure class=\"wp-block-image size-large\"><img decoding=\"async\" width=\"683\" height=\"1024\" data-src=\"http:\/\/frederiquebailly.fr\/wp-content\/uploads\/2023\/02\/18012020-IMG_4792-683x1024.jpg\" alt=\"\" class=\"wp-image-150 lazyload\" data-srcset=\"https:\/\/frederiquebailly.fr\/wp-content\/uploads\/2023\/02\/18012020-IMG_4792-683x1024.jpg 683w, https:\/\/frederiquebailly.fr\/wp-content\/uploads\/2023\/02\/18012020-IMG_4792-200x300.jpg 200w, https:\/\/frederiquebailly.fr\/wp-content\/uploads\/2023\/02\/18012020-IMG_4792-768x1152.jpg 768w, https:\/\/frederiquebailly.fr\/wp-content\/uploads\/2023\/02\/18012020-IMG_4792.jpg 1000w\" data-sizes=\"(max-width: 683px) 100vw, 683px\" src=\"data:image\/svg+xml;base64,PHN2ZyB3aWR0aD0iMSIgaGVpZ2h0PSIxIiB4bWxucz0iaHR0cDovL3d3dy53My5vcmcvMjAwMC9zdmciPjwvc3ZnPg==\" style=\"--smush-placeholder-width: 683px; --smush-placeholder-aspect-ratio: 683\/1024;\" \/><\/figure>\n\n\n\n<figure class=\"wp-block-image size-large\"><img decoding=\"async\" width=\"1024\" height=\"683\" data-src=\"http:\/\/frederiquebailly.fr\/wp-content\/uploads\/2020\/02\/IMG_7917-1024x683.jpg\" alt=\"\" class=\"wp-image-153 lazyload\" data-srcset=\"https:\/\/frederiquebailly.fr\/wp-content\/uploads\/2020\/02\/IMG_7917-1024x683.jpg 1024w, https:\/\/frederiquebailly.fr\/wp-content\/uploads\/2020\/02\/IMG_7917-300x200.jpg 300w, https:\/\/frederiquebailly.fr\/wp-content\/uploads\/2020\/02\/IMG_7917-768x512.jpg 768w, https:\/\/frederiquebailly.fr\/wp-content\/uploads\/2020\/02\/IMG_7917.jpg 1500w\" data-sizes=\"(max-width: 1024px) 100vw, 1024px\" src=\"data:image\/svg+xml;base64,PHN2ZyB3aWR0aD0iMSIgaGVpZ2h0PSIxIiB4bWxucz0iaHR0cDovL3d3dy53My5vcmcvMjAwMC9zdmciPjwvc3ZnPg==\" style=\"--smush-placeholder-width: 1024px; --smush-placeholder-aspect-ratio: 1024\/683;\" \/><figcaption class=\"wp-element-caption\">\u00e9tat avant les travaux<\/figcaption><\/figure>\n","protected":false},"excerpt":{"rendered":"<p>Local associatif<\/p>\n","protected":false},"author":1,"featured_media":148,"comment_status":"closed","ping_status":"open","sticky":false,"template":"","format":"standard","meta":{"_uag_custom_page_level_css":"","site-sidebar-layout":"default","site-content-layout":"","ast-site-content-layout":"default","site-content-style":"default","site-sidebar-style":"default","ast-global-header-display":"","ast-banner-title-visibility":"","ast-main-header-display":"","ast-hfb-above-header-display":"","ast-hfb-below-header-display":"","ast-hfb-mobile-header-display":"","site-post-title":"","ast-breadcrumbs-content":"","ast-featured-img":"","footer-sml-layout":"","ast-disable-related-posts":"","theme-transparent-header-meta":"","adv-header-id-meta":"","stick-header-meta":"","header-above-stick-meta":"","header-main-stick-meta":"","header-below-stick-meta":"","astra-migrate-meta-layouts":"default","ast-page-background-enabled":"default","ast-page-background-meta":{"desktop":{"background-color":"var(--ast-global-color-5)","background-image":"","background-repeat":"repeat","background-position":"center center","background-size":"auto","background-attachment":"scroll","background-type":"","background-media":"","overlay-type":"","overlay-color":"","overlay-opacity":"","overlay-gradient":""},"tablet":{"background-color":"","background-image":"","background-repeat":"repeat","background-position":"center center","background-size":"auto","background-attachment":"scroll","background-type":"","background-media":"","overlay-type":"","overlay-color":"","overlay-opacity":"","overlay-gradient":""},"mobile":{"background-color":"","background-image":"","background-repeat":"repeat","background-position":"center center","background-size":"auto","background-attachment":"scroll","background-type":"","background-media":"","overlay-type":"","overlay-color":"","overlay-opacity":"","overlay-gradient":""}},"ast-content-background-meta":{"desktop":{"background-color":"var(--ast-global-color-4)","background-image":"","background-repeat":"repeat","background-position":"center center","background-size":"auto","background-attachment":"scroll","background-type":"","background-media":"","overlay-type":"","overlay-color":"","overlay-opacity":"","overlay-gradient":""},"tablet":{"background-color":"var(--ast-global-color-4)","background-image":"","background-repeat":"repeat","background-position":"center center","background-size":"auto","background-attachment":"scroll","background-type":"","background-media":"","overlay-type":"","overlay-color":"","overlay-opacity":"","overlay-gradient":""},"mobile":{"background-color":"var(--ast-global-color-4)","background-image":"","background-repeat":"repeat","background-position":"center center","background-size":"auto","background-attachment":"scroll","background-type":"","background-media":"","overlay-type":"","overlay-color":"","overlay-opacity":"","overlay-gradient":""}},"footnotes":""},"categories":[13],"tags":[],"class_list":["post-144","post","type-post","status-publish","format-standard","has-post-thumbnail","hentry","category-equipement-public"],"yoast_head":"<!-- This site is optimized with the Yoast SEO plugin v27.4 - https:\/\/yoast.com\/product\/yoast-seo-wordpress\/ -->\n<title>Serres-les-Sapins - Fr\u00e9d\u00e9rique Bailly architecte<\/title>\n<meta name=\"robots\" content=\"index, follow, max-snippet:-1, max-image-preview:large, max-video-preview:-1\" \/>\n<link rel=\"canonical\" href=\"https:\/\/frederiquebailly.fr\/index.php\/2020\/02\/27\/serres-les-sapins\/\" \/>\n<meta property=\"og:locale\" content=\"fr_FR\" \/>\n<meta property=\"og:type\" content=\"article\" \/>\n<meta property=\"og:title\" content=\"Serres-les-Sapins - Fr\u00e9d\u00e9rique Bailly architecte\" \/>\n<meta property=\"og:description\" content=\"Local associatif\" \/>\n<meta property=\"og:url\" content=\"https:\/\/frederiquebailly.fr\/index.php\/2020\/02\/27\/serres-les-sapins\/\" \/>\n<meta property=\"og:site_name\" content=\"Fr\u00e9d\u00e9rique Bailly architecte\" \/>\n<meta property=\"article:publisher\" content=\"https:\/\/www.facebook.com\/frederiquebaillyarchitecte\" \/>\n<meta property=\"article:published_time\" content=\"2020-02-27T12:16:00+00:00\" \/>\n<meta property=\"article:modified_time\" content=\"2025-07-20T21:39:49+00:00\" \/>\n<meta property=\"og:image\" content=\"http:\/\/frederiquebailly.fr\/wp-content\/uploads\/2023\/02\/18012020-IMG_4797.jpg\" \/>\n\t<meta property=\"og:image:width\" content=\"1500\" \/>\n\t<meta property=\"og:image:height\" content=\"1000\" \/>\n\t<meta property=\"og:image:type\" content=\"image\/jpeg\" \/>\n<meta name=\"author\" content=\"fba\" \/>\n<meta name=\"twitter:card\" content=\"summary_large_image\" \/>\n<meta name=\"twitter:label1\" content=\"\u00c9crit par\" \/>\n\t<meta name=\"twitter:data1\" content=\"\" \/>\n\t<meta name=\"twitter:label2\" content=\"Dur\u00e9e de lecture estim\u00e9e\" \/>\n\t<meta name=\"twitter:data2\" content=\"3 minutes\" \/>\n<script type=\"application\/ld+json\" class=\"yoast-schema-graph\">{\"@context\":\"https:\\\/\\\/schema.org\",\"@graph\":[{\"@type\":\"Article\",\"@id\":\"https:\\\/\\\/frederiquebailly.fr\\\/index.php\\\/2020\\\/02\\\/27\\\/serres-les-sapins\\\/#article\",\"isPartOf\":{\"@id\":\"https:\\\/\\\/frederiquebailly.fr\\\/index.php\\\/2020\\\/02\\\/27\\\/serres-les-sapins\\\/\"},\"author\":{\"name\":\"fba\",\"@id\":\"https:\\\/\\\/frederiquebailly.fr\\\/#\\\/schema\\\/person\\\/8888be3dab8905da8283427e8de05059\"},\"headline\":\"Serres-les-Sapins\",\"datePublished\":\"2020-02-27T12:16:00+00:00\",\"dateModified\":\"2025-07-20T21:39:49+00:00\",\"mainEntityOfPage\":{\"@id\":\"https:\\\/\\\/frederiquebailly.fr\\\/index.php\\\/2020\\\/02\\\/27\\\/serres-les-sapins\\\/\"},\"wordCount\":322,\"publisher\":{\"@id\":\"https:\\\/\\\/frederiquebailly.fr\\\/#organization\"},\"image\":{\"@id\":\"https:\\\/\\\/frederiquebailly.fr\\\/index.php\\\/2020\\\/02\\\/27\\\/serres-les-sapins\\\/#primaryimage\"},\"thumbnailUrl\":\"https:\\\/\\\/frederiquebailly.fr\\\/wp-content\\\/uploads\\\/2023\\\/02\\\/18012020-IMG_4797.jpg\",\"articleSection\":[\"Equipement public\"],\"inLanguage\":\"fr-FR\"},{\"@type\":\"WebPage\",\"@id\":\"https:\\\/\\\/frederiquebailly.fr\\\/index.php\\\/2020\\\/02\\\/27\\\/serres-les-sapins\\\/\",\"url\":\"https:\\\/\\\/frederiquebailly.fr\\\/index.php\\\/2020\\\/02\\\/27\\\/serres-les-sapins\\\/\",\"name\":\"Serres-les-Sapins - Fr\u00e9d\u00e9rique Bailly architecte\",\"isPartOf\":{\"@id\":\"https:\\\/\\\/frederiquebailly.fr\\\/#website\"},\"primaryImageOfPage\":{\"@id\":\"https:\\\/\\\/frederiquebailly.fr\\\/index.php\\\/2020\\\/02\\\/27\\\/serres-les-sapins\\\/#primaryimage\"},\"image\":{\"@id\":\"https:\\\/\\\/frederiquebailly.fr\\\/index.php\\\/2020\\\/02\\\/27\\\/serres-les-sapins\\\/#primaryimage\"},\"thumbnailUrl\":\"https:\\\/\\\/frederiquebailly.fr\\\/wp-content\\\/uploads\\\/2023\\\/02\\\/18012020-IMG_4797.jpg\",\"datePublished\":\"2020-02-27T12:16:00+00:00\",\"dateModified\":\"2025-07-20T21:39:49+00:00\",\"breadcrumb\":{\"@id\":\"https:\\\/\\\/frederiquebailly.fr\\\/index.php\\\/2020\\\/02\\\/27\\\/serres-les-sapins\\\/#breadcrumb\"},\"inLanguage\":\"fr-FR\",\"potentialAction\":[{\"@type\":\"ReadAction\",\"target\":[\"https:\\\/\\\/frederiquebailly.fr\\\/index.php\\\/2020\\\/02\\\/27\\\/serres-les-sapins\\\/\"]}]},{\"@type\":\"ImageObject\",\"inLanguage\":\"fr-FR\",\"@id\":\"https:\\\/\\\/frederiquebailly.fr\\\/index.php\\\/2020\\\/02\\\/27\\\/serres-les-sapins\\\/#primaryimage\",\"url\":\"https:\\\/\\\/frederiquebailly.fr\\\/wp-content\\\/uploads\\\/2023\\\/02\\\/18012020-IMG_4797.jpg\",\"contentUrl\":\"https:\\\/\\\/frederiquebailly.fr\\\/wp-content\\\/uploads\\\/2023\\\/02\\\/18012020-IMG_4797.jpg\",\"width\":1500,\"height\":1000},{\"@type\":\"BreadcrumbList\",\"@id\":\"https:\\\/\\\/frederiquebailly.fr\\\/index.php\\\/2020\\\/02\\\/27\\\/serres-les-sapins\\\/#breadcrumb\",\"itemListElement\":[{\"@type\":\"ListItem\",\"position\":1,\"name\":\"Home\",\"item\":\"https:\\\/\\\/frederiquebailly.fr\\\/\"},{\"@type\":\"ListItem\",\"position\":2,\"name\":\"Serres-les-Sapins\"}]},{\"@type\":\"WebSite\",\"@id\":\"https:\\\/\\\/frederiquebailly.fr\\\/#website\",\"url\":\"https:\\\/\\\/frederiquebailly.fr\\\/\",\"name\":\"Fr\u00e9d\u00e9rique Bailly architecte\",\"description\":\"architecte, lyon, rhone, chasselay, beaujolais, maison, appartement, r\u00e9novation\",\"publisher\":{\"@id\":\"https:\\\/\\\/frederiquebailly.fr\\\/#organization\"},\"potentialAction\":[{\"@type\":\"SearchAction\",\"target\":{\"@type\":\"EntryPoint\",\"urlTemplate\":\"https:\\\/\\\/frederiquebailly.fr\\\/?s={search_term_string}\"},\"query-input\":{\"@type\":\"PropertyValueSpecification\",\"valueRequired\":true,\"valueName\":\"search_term_string\"}}],\"inLanguage\":\"fr-FR\"},{\"@type\":\"Organization\",\"@id\":\"https:\\\/\\\/frederiquebailly.fr\\\/#organization\",\"name\":\"Fr\u00e9d\u00e9rique Bailly architecte\",\"url\":\"https:\\\/\\\/frederiquebailly.fr\\\/\",\"logo\":{\"@type\":\"ImageObject\",\"inLanguage\":\"fr-FR\",\"@id\":\"https:\\\/\\\/frederiquebailly.fr\\\/#\\\/schema\\\/logo\\\/image\\\/\",\"url\":\"https:\\\/\\\/frederiquebailly.fr\\\/wp-content\\\/uploads\\\/2023\\\/02\\\/Logo_Site.png\",\"contentUrl\":\"https:\\\/\\\/frederiquebailly.fr\\\/wp-content\\\/uploads\\\/2023\\\/02\\\/Logo_Site.png\",\"width\":451,\"height\":333,\"caption\":\"Fr\u00e9d\u00e9rique Bailly architecte\"},\"image\":{\"@id\":\"https:\\\/\\\/frederiquebailly.fr\\\/#\\\/schema\\\/logo\\\/image\\\/\"},\"sameAs\":[\"https:\\\/\\\/www.facebook.com\\\/frederiquebaillyarchitecte\",\"https:\\\/\\\/www.linkedin.com\\\/company\\\/69960671\\\/admin\\\/feed\\\/posts\\\/\"]},{\"@type\":\"Person\",\"@id\":\"https:\\\/\\\/frederiquebailly.fr\\\/#\\\/schema\\\/person\\\/8888be3dab8905da8283427e8de05059\",\"name\":\"fba\",\"image\":{\"@type\":\"ImageObject\",\"inLanguage\":\"fr-FR\",\"@id\":\"https:\\\/\\\/secure.gravatar.com\\\/avatar\\\/99251251664c3ea73ca6fb9faa1a00abd1ec0dafaccd3f024b73269a0402a8d8?s=96&d=mm&r=g\",\"url\":\"https:\\\/\\\/secure.gravatar.com\\\/avatar\\\/99251251664c3ea73ca6fb9faa1a00abd1ec0dafaccd3f024b73269a0402a8d8?s=96&d=mm&r=g\",\"contentUrl\":\"https:\\\/\\\/secure.gravatar.com\\\/avatar\\\/99251251664c3ea73ca6fb9faa1a00abd1ec0dafaccd3f024b73269a0402a8d8?s=96&d=mm&r=g\",\"caption\":\"fba\"},\"sameAs\":[\"http:\\\/\\\/frederiquebailly.fr\"],\"url\":\"https:\\\/\\\/frederiquebailly.fr\\\/index.php\\\/author\\\/admin4199\\\/\"}]}<\/script>\n<!-- \/ Yoast SEO plugin. -->","yoast_head_json":{"title":"Serres-les-Sapins - Fr\u00e9d\u00e9rique Bailly architecte","robots":{"index":"index","follow":"follow","max-snippet":"max-snippet:-1","max-image-preview":"max-image-preview:large","max-video-preview":"max-video-preview:-1"},"canonical":"https:\/\/frederiquebailly.fr\/index.php\/2020\/02\/27\/serres-les-sapins\/","og_locale":"fr_FR","og_type":"article","og_title":"Serres-les-Sapins - Fr\u00e9d\u00e9rique Bailly architecte","og_description":"Local associatif","og_url":"https:\/\/frederiquebailly.fr\/index.php\/2020\/02\/27\/serres-les-sapins\/","og_site_name":"Fr\u00e9d\u00e9rique Bailly architecte","article_publisher":"https:\/\/www.facebook.com\/frederiquebaillyarchitecte","article_published_time":"2020-02-27T12:16:00+00:00","article_modified_time":"2025-07-20T21:39:49+00:00","og_image":[{"width":1500,"height":1000,"url":"http:\/\/frederiquebailly.fr\/wp-content\/uploads\/2023\/02\/18012020-IMG_4797.jpg","type":"image\/jpeg"}],"author":"fba","twitter_card":"summary_large_image","twitter_misc":{"\u00c9crit par":false,"Dur\u00e9e de lecture estim\u00e9e":"3 minutes"},"schema":{"@context":"https:\/\/schema.org","@graph":[{"@type":"Article","@id":"https:\/\/frederiquebailly.fr\/index.php\/2020\/02\/27\/serres-les-sapins\/#article","isPartOf":{"@id":"https:\/\/frederiquebailly.fr\/index.php\/2020\/02\/27\/serres-les-sapins\/"},"author":{"name":"fba","@id":"https:\/\/frederiquebailly.fr\/#\/schema\/person\/8888be3dab8905da8283427e8de05059"},"headline":"Serres-les-Sapins","datePublished":"2020-02-27T12:16:00+00:00","dateModified":"2025-07-20T21:39:49+00:00","mainEntityOfPage":{"@id":"https:\/\/frederiquebailly.fr\/index.php\/2020\/02\/27\/serres-les-sapins\/"},"wordCount":322,"publisher":{"@id":"https:\/\/frederiquebailly.fr\/#organization"},"image":{"@id":"https:\/\/frederiquebailly.fr\/index.php\/2020\/02\/27\/serres-les-sapins\/#primaryimage"},"thumbnailUrl":"https:\/\/frederiquebailly.fr\/wp-content\/uploads\/2023\/02\/18012020-IMG_4797.jpg","articleSection":["Equipement public"],"inLanguage":"fr-FR"},{"@type":"WebPage","@id":"https:\/\/frederiquebailly.fr\/index.php\/2020\/02\/27\/serres-les-sapins\/","url":"https:\/\/frederiquebailly.fr\/index.php\/2020\/02\/27\/serres-les-sapins\/","name":"Serres-les-Sapins - Fr\u00e9d\u00e9rique Bailly architecte","isPartOf":{"@id":"https:\/\/frederiquebailly.fr\/#website"},"primaryImageOfPage":{"@id":"https:\/\/frederiquebailly.fr\/index.php\/2020\/02\/27\/serres-les-sapins\/#primaryimage"},"image":{"@id":"https:\/\/frederiquebailly.fr\/index.php\/2020\/02\/27\/serres-les-sapins\/#primaryimage"},"thumbnailUrl":"https:\/\/frederiquebailly.fr\/wp-content\/uploads\/2023\/02\/18012020-IMG_4797.jpg","datePublished":"2020-02-27T12:16:00+00:00","dateModified":"2025-07-20T21:39:49+00:00","breadcrumb":{"@id":"https:\/\/frederiquebailly.fr\/index.php\/2020\/02\/27\/serres-les-sapins\/#breadcrumb"},"inLanguage":"fr-FR","potentialAction":[{"@type":"ReadAction","target":["https:\/\/frederiquebailly.fr\/index.php\/2020\/02\/27\/serres-les-sapins\/"]}]},{"@type":"ImageObject","inLanguage":"fr-FR","@id":"https:\/\/frederiquebailly.fr\/index.php\/2020\/02\/27\/serres-les-sapins\/#primaryimage","url":"https:\/\/frederiquebailly.fr\/wp-content\/uploads\/2023\/02\/18012020-IMG_4797.jpg","contentUrl":"https:\/\/frederiquebailly.fr\/wp-content\/uploads\/2023\/02\/18012020-IMG_4797.jpg","width":1500,"height":1000},{"@type":"BreadcrumbList","@id":"https:\/\/frederiquebailly.fr\/index.php\/2020\/02\/27\/serres-les-sapins\/#breadcrumb","itemListElement":[{"@type":"ListItem","position":1,"name":"Home","item":"https:\/\/frederiquebailly.fr\/"},{"@type":"ListItem","position":2,"name":"Serres-les-Sapins"}]},{"@type":"WebSite","@id":"https:\/\/frederiquebailly.fr\/#website","url":"https:\/\/frederiquebailly.fr\/","name":"Fr\u00e9d\u00e9rique Bailly architecte","description":"architecte, lyon, rhone, chasselay, beaujolais, maison, appartement, r\u00e9novation","publisher":{"@id":"https:\/\/frederiquebailly.fr\/#organization"},"potentialAction":[{"@type":"SearchAction","target":{"@type":"EntryPoint","urlTemplate":"https:\/\/frederiquebailly.fr\/?s={search_term_string}"},"query-input":{"@type":"PropertyValueSpecification","valueRequired":true,"valueName":"search_term_string"}}],"inLanguage":"fr-FR"},{"@type":"Organization","@id":"https:\/\/frederiquebailly.fr\/#organization","name":"Fr\u00e9d\u00e9rique Bailly architecte","url":"https:\/\/frederiquebailly.fr\/","logo":{"@type":"ImageObject","inLanguage":"fr-FR","@id":"https:\/\/frederiquebailly.fr\/#\/schema\/logo\/image\/","url":"https:\/\/frederiquebailly.fr\/wp-content\/uploads\/2023\/02\/Logo_Site.png","contentUrl":"https:\/\/frederiquebailly.fr\/wp-content\/uploads\/2023\/02\/Logo_Site.png","width":451,"height":333,"caption":"Fr\u00e9d\u00e9rique Bailly architecte"},"image":{"@id":"https:\/\/frederiquebailly.fr\/#\/schema\/logo\/image\/"},"sameAs":["https:\/\/www.facebook.com\/frederiquebaillyarchitecte","https:\/\/www.linkedin.com\/company\/69960671\/admin\/feed\/posts\/"]},{"@type":"Person","@id":"https:\/\/frederiquebailly.fr\/#\/schema\/person\/8888be3dab8905da8283427e8de05059","name":"fba","image":{"@type":"ImageObject","inLanguage":"fr-FR","@id":"https:\/\/secure.gravatar.com\/avatar\/99251251664c3ea73ca6fb9faa1a00abd1ec0dafaccd3f024b73269a0402a8d8?s=96&d=mm&r=g","url":"https:\/\/secure.gravatar.com\/avatar\/99251251664c3ea73ca6fb9faa1a00abd1ec0dafaccd3f024b73269a0402a8d8?s=96&d=mm&r=g","contentUrl":"https:\/\/secure.gravatar.com\/avatar\/99251251664c3ea73ca6fb9faa1a00abd1ec0dafaccd3f024b73269a0402a8d8?s=96&d=mm&r=g","caption":"fba"},"sameAs":["http:\/\/frederiquebailly.fr"],"url":"https:\/\/frederiquebailly.fr\/index.php\/author\/admin4199\/"}]}},"uagb_featured_image_src":{"full":["https:\/\/frederiquebailly.fr\/wp-content\/uploads\/2023\/02\/18012020-IMG_4797.jpg",1500,1000,false],"thumbnail":["https:\/\/frederiquebailly.fr\/wp-content\/uploads\/2023\/02\/18012020-IMG_4797-150x150.jpg",150,150,true],"medium":["https:\/\/frederiquebailly.fr\/wp-content\/uploads\/2023\/02\/18012020-IMG_4797-300x200.jpg",300,200,true],"medium_large":["https:\/\/frederiquebailly.fr\/wp-content\/uploads\/2023\/02\/18012020-IMG_4797-768x512.jpg",768,512,true],"large":["https:\/\/frederiquebailly.fr\/wp-content\/uploads\/2023\/02\/18012020-IMG_4797-1024x683.jpg",1024,683,true],"1536x1536":["https:\/\/frederiquebailly.fr\/wp-content\/uploads\/2023\/02\/18012020-IMG_4797.jpg",1500,1000,false],"2048x2048":["https:\/\/frederiquebailly.fr\/wp-content\/uploads\/2023\/02\/18012020-IMG_4797.jpg",1500,1000,false]},"uagb_author_info":{"display_name":false,"author_link":"https:\/\/frederiquebailly.fr\/index.php\/author\/admin4199\/"},"uagb_comment_info":0,"uagb_excerpt":"Local associatif","_links":{"self":[{"href":"https:\/\/frederiquebailly.fr\/index.php\/wp-json\/wp\/v2\/posts\/144","targetHints":{"allow":["GET"]}}],"collection":[{"href":"https:\/\/frederiquebailly.fr\/index.php\/wp-json\/wp\/v2\/posts"}],"about":[{"href":"https:\/\/frederiquebailly.fr\/index.php\/wp-json\/wp\/v2\/types\/post"}],"author":[{"embeddable":true,"href":"https:\/\/frederiquebailly.fr\/index.php\/wp-json\/wp\/v2\/users\/1"}],"replies":[{"embeddable":true,"href":"https:\/\/frederiquebailly.fr\/index.php\/wp-json\/wp\/v2\/comments?post=144"}],"version-history":[{"count":5,"href":"https:\/\/frederiquebailly.fr\/index.php\/wp-json\/wp\/v2\/posts\/144\/revisions"}],"predecessor-version":[{"id":293,"href":"https:\/\/frederiquebailly.fr\/index.php\/wp-json\/wp\/v2\/posts\/144\/revisions\/293"}],"wp:featuredmedia":[{"embeddable":true,"href":"https:\/\/frederiquebailly.fr\/index.php\/wp-json\/wp\/v2\/media\/148"}],"wp:attachment":[{"href":"https:\/\/frederiquebailly.fr\/index.php\/wp-json\/wp\/v2\/media?parent=144"}],"wp:term":[{"taxonomy":"category","embeddable":true,"href":"https:\/\/frederiquebailly.fr\/index.php\/wp-json\/wp\/v2\/categories?post=144"},{"taxonomy":"post_tag","embeddable":true,"href":"https:\/\/frederiquebailly.fr\/index.php\/wp-json\/wp\/v2\/tags?post=144"}],"curies":[{"name":"wp","href":"https:\/\/api.w.org\/{rel}","templated":true}]}}